{"id":535,"date":"2020-11-06T17:57:02","date_gmt":"2020-11-06T16:57:02","guid":{"rendered":"https:\/\/vasperviller.fr\/?p=535"},"modified":"2020-11-06T17:57:03","modified_gmt":"2020-11-06T16:57:03","slug":"mise-en-place-dun-d-a-e","status":"publish","type":"post","link":"https:\/\/vasperviller.fr\/index.php\/2020\/11\/06\/mise-en-place-dun-d-a-e\/","title":{"rendered":"Mise en place d&rsquo;un D.A.E."},"content":{"rendered":"\n<p>La commune de Vasperviller vient de faire l\u2019acquisition d\u2019un <strong>D<\/strong>\u00e9fibrillateur <strong>A<\/strong>utomatique <strong>E<\/strong>xterne ou DAE. Celui-ci a \u00e9t\u00e9 install\u00e9 sous le pr\u00e9au de la Mairie, entre la porte des toilettes des femmes et celle des hommes.<\/p>\n\n\n\n<figure class=\"wp-block-image size-large\"><img loading=\"lazy\" decoding=\"async\" width=\"1024\" height=\"576\" src=\"https:\/\/vasperviller.fr\/wp-content\/uploads\/2020\/11\/20200904_1154050-1-1024x576.jpg\" alt=\"\" class=\"wp-image-538\" srcset=\"https:\/\/vasperviller.fr\/wp-content\/uploads\/2020\/11\/20200904_1154050-1-1024x576.jpg 1024w, https:\/\/vasperviller.fr\/wp-content\/uploads\/2020\/11\/20200904_1154050-1-300x169.jpg 300w, https:\/\/vasperviller.fr\/wp-content\/uploads\/2020\/11\/20200904_1154050-1-768x432.jpg 768w, https:\/\/vasperviller.fr\/wp-content\/uploads\/2020\/11\/20200904_1154050-1-1536x864.jpg 1536w, https:\/\/vasperviller.fr\/wp-content\/uploads\/2020\/11\/20200904_1154050-1-2048x1152.jpg 2048w, https:\/\/vasperviller.fr\/wp-content\/uploads\/2020\/11\/20200904_1154050-1-480x270.jpg 480w\" sizes=\"(max-width: 1024px) 100vw, 1024px\" \/><\/figure>\n\n\n\n<p>Un DAE est un appareil portatif, dont le r\u00f4le est d&rsquo;analyser l&rsquo;activit\u00e9 \u00e9lectrique du&nbsp;<a href=\"https:\/\/fr.wikipedia.org\/wiki\/C%C5%93ur\">c\u0153ur<\/a>&nbsp;d&rsquo;une personne en&nbsp;<a href=\"https:\/\/fr.wikipedia.org\/wiki\/Arr%C3%AAt_cardiorespiratoire\">arr\u00eat cardiorespiratoire<\/a>. La machine permet et propose de d\u00e9livrer un choc \u00e9lectrique d&rsquo;environ 400&nbsp;volts, afin d&rsquo;engendrer une&nbsp;<a href=\"https:\/\/fr.wikipedia.org\/wiki\/D%C3%A9fibrillation\">d\u00e9fibrillation<\/a>&nbsp;et un retour \u00e0 une activit\u00e9 \u00e9lectrique normale du c\u0153ur.<\/p>\n\n\n\n<p>La&nbsp;<a href=\"https:\/\/fr.wikipedia.org\/wiki\/D%C3%A9fibrillation\">d\u00e9fibrillation<\/a>&nbsp;pr\u00e9coce associ\u00e9e \u00e0 la&nbsp;<a href=\"https:\/\/fr.wikipedia.org\/wiki\/R%C3%A9animation_cardiopulmonaire\">r\u00e9animation cardiopulmonaire<\/a>&nbsp;augmente fortement les chances de survie d&rsquo;une personne en arr\u00eat cardiorespiratoire qui pr\u00e9sente une&nbsp;<a href=\"https:\/\/fr.wikipedia.org\/wiki\/Fibrillation_ventriculaire\">fibrillation ventriculaire<\/a>, principale cause de&nbsp;<a href=\"https:\/\/fr.wikipedia.org\/wiki\/Mort\">mort<\/a>&nbsp;subite chez l&rsquo;adulte. Ainsi, cela permet d&rsquo;atteindre 93&nbsp;% de chances de survie en France. Dans les 4 premi\u00e8res minutes, des gestes de secourisme doivent absolument \u00eatre prodigu\u00e9s \u00e0 la victime. Chaque minute donne un taux de survie de 10&nbsp;% selon les pompiers fran\u00e7ais. Au bout de 10&nbsp;minutes d&rsquo;inaction, en th\u00e9orie, la victime aura perdu toute chance de survie.<\/p>\n\n\n\n<p>La municipalit\u00e9 proposera, lorsque cela sera possible et si des personnes sont int\u00e9ress\u00e9es, une formation \u00e0 l\u2019utilisation pratique de cet appareil, formation dispens\u00e9e par un secouriste.<\/p>\n\n\n\n<p><\/p>\n","protected":false},"excerpt":{"rendered":"<p>La commune de Vasperviller vient de faire l\u2019acquisition d\u2019un D\u00e9fibrillateur Automatique Externe ou DAE. Celui-ci a \u00e9t\u00e9 install\u00e9 sous le pr\u00e9au de la Mairie, entre la porte des toilettes des femmes et celle des hommes. Un DAE est un appareil portatif, dont le r\u00f4le est d&rsquo;analyser l&rsquo;activit\u00e9 \u00e9lectrique du&nbsp;c\u0153ur&nbsp;d&rsquo;une personne en&nbsp;arr\u00eat cardiorespiratoire. La machine permet et propose de d\u00e9livrer un choc \u00e9lectrique d&rsquo;environ 400&nbsp;volts, afin d&rsquo;engendrer une&nbsp;d\u00e9fibrillation&nbsp;et un retour \u00e0 une activit\u00e9 \u00e9lectrique normale du c\u0153ur. La&nbsp;d\u00e9fibrillation&nbsp;pr\u00e9coce associ\u00e9e \u00e0 la&nbsp;r\u00e9animation&#8230;<\/p>\n<p class=\"read-more\"><a class=\"btn btn-default\" href=\"https:\/\/vasperviller.fr\/index.php\/2020\/11\/06\/mise-en-place-dun-d-a-e\/\">Lire la suite<span class=\"screen-reader-text\"> Lire la suite<\/span><\/a><\/p>\n","protected":false},"author":2,"featured_media":0,"comment_status":"closed","ping_status":"closed","sticky":false,"template":"","format":"standard","meta":{"footnotes":""},"categories":[1],"tags":[],"class_list":["post-535","post","type-post","status-publish","format-standard","hentry","category-mairie"],"yoast_head":"<!-- This site is optimized with the Yoast SEO plugin v23.6 - https:\/\/yoast.com\/wordpress\/plugins\/seo\/ -->\n<title>Mise en place d&#039;un D.A.E. - Vasperviller<\/title>\n<meta name=\"robots\" content=\"index, follow, max-snippet:-1, max-image-preview:large, max-video-preview:-1\" \/>\n<link rel=\"canonical\" href=\"https:\/\/vasperviller.fr\/index.php\/2020\/11\/06\/mise-en-place-dun-d-a-e\/\" \/>\n<meta property=\"og:locale\" content=\"fr_FR\" \/>\n<meta property=\"og:type\" content=\"article\" \/>\n<meta property=\"og:title\" content=\"Mise en place d&#039;un D.A.E. - Vasperviller\" \/>\n<meta property=\"og:description\" content=\"La commune de Vasperviller vient de faire l\u2019acquisition d\u2019un D\u00e9fibrillateur Automatique Externe ou DAE. Celui-ci a \u00e9t\u00e9 install\u00e9 sous le pr\u00e9au de la Mairie, entre la porte des toilettes des femmes et celle des hommes. Un DAE est un appareil portatif, dont le r\u00f4le est d&rsquo;analyser l&rsquo;activit\u00e9 \u00e9lectrique du&nbsp;c\u0153ur&nbsp;d&rsquo;une personne en&nbsp;arr\u00eat cardiorespiratoire. La machine permet et propose de d\u00e9livrer un choc \u00e9lectrique d&rsquo;environ 400&nbsp;volts, afin d&rsquo;engendrer une&nbsp;d\u00e9fibrillation&nbsp;et un retour \u00e0 une activit\u00e9 \u00e9lectrique normale du c\u0153ur. La&nbsp;d\u00e9fibrillation&nbsp;pr\u00e9coce associ\u00e9e \u00e0 la&nbsp;r\u00e9animation...Lire la suite Lire la suite\" \/>\n<meta property=\"og:url\" content=\"https:\/\/vasperviller.fr\/index.php\/2020\/11\/06\/mise-en-place-dun-d-a-e\/\" \/>\n<meta property=\"og:site_name\" content=\"Vasperviller\" \/>\n<meta property=\"article:published_time\" content=\"2020-11-06T16:57:02+00:00\" \/>\n<meta property=\"article:modified_time\" content=\"2020-11-06T16:57:03+00:00\" \/>\n<meta property=\"og:image\" content=\"https:\/\/vasperviller.fr\/wp-content\/uploads\/2020\/11\/20200904_1154050-1-1024x576.jpg\" \/>\n<meta name=\"author\" content=\"Administrateur\" \/>\n<meta name=\"twitter:card\" content=\"summary_large_image\" \/>\n<meta name=\"twitter:label1\" content=\"\u00c9crit par\" \/>\n\t<meta name=\"twitter:data1\" content=\"Administrateur\" \/>\n\t<meta name=\"twitter:label2\" content=\"Dur\u00e9e de lecture estim\u00e9e\" \/>\n\t<meta name=\"twitter:data2\" content=\"1 minute\" \/>\n<script type=\"application\/ld+json\" class=\"yoast-schema-graph\">{\"@context\":\"https:\/\/schema.org\",\"@graph\":[{\"@type\":\"WebPage\",\"@id\":\"https:\/\/vasperviller.fr\/index.php\/2020\/11\/06\/mise-en-place-dun-d-a-e\/\",\"url\":\"https:\/\/vasperviller.fr\/index.php\/2020\/11\/06\/mise-en-place-dun-d-a-e\/\",\"name\":\"Mise en place d'un D.A.E. - Vasperviller\",\"isPartOf\":{\"@id\":\"https:\/\/vasperviller.fr\/#website\"},\"primaryImageOfPage\":{\"@id\":\"https:\/\/vasperviller.fr\/index.php\/2020\/11\/06\/mise-en-place-dun-d-a-e\/#primaryimage\"},\"image\":{\"@id\":\"https:\/\/vasperviller.fr\/index.php\/2020\/11\/06\/mise-en-place-dun-d-a-e\/#primaryimage\"},\"thumbnailUrl\":\"https:\/\/vasperviller.fr\/wp-content\/uploads\/2020\/11\/20200904_1154050-1-1024x576.jpg\",\"datePublished\":\"2020-11-06T16:57:02+00:00\",\"dateModified\":\"2020-11-06T16:57:03+00:00\",\"author\":{\"@id\":\"https:\/\/vasperviller.fr\/#\/schema\/person\/5503f30033daceef4c3ca54535ddb1fe\"},\"breadcrumb\":{\"@id\":\"https:\/\/vasperviller.fr\/index.php\/2020\/11\/06\/mise-en-place-dun-d-a-e\/#breadcrumb\"},\"inLanguage\":\"fr-FR\",\"potentialAction\":[{\"@type\":\"ReadAction\",\"target\":[\"https:\/\/vasperviller.fr\/index.php\/2020\/11\/06\/mise-en-place-dun-d-a-e\/\"]}]},{\"@type\":\"ImageObject\",\"inLanguage\":\"fr-FR\",\"@id\":\"https:\/\/vasperviller.fr\/index.php\/2020\/11\/06\/mise-en-place-dun-d-a-e\/#primaryimage\",\"url\":\"https:\/\/vasperviller.fr\/wp-content\/uploads\/2020\/11\/20200904_1154050-1-scaled.jpg\",\"contentUrl\":\"https:\/\/vasperviller.fr\/wp-content\/uploads\/2020\/11\/20200904_1154050-1-scaled.jpg\",\"width\":2560,\"height\":1440},{\"@type\":\"BreadcrumbList\",\"@id\":\"https:\/\/vasperviller.fr\/index.php\/2020\/11\/06\/mise-en-place-dun-d-a-e\/#breadcrumb\",\"itemListElement\":[{\"@type\":\"ListItem\",\"position\":1,\"name\":\"Accueil\",\"item\":\"https:\/\/vasperviller.fr\/\"},{\"@type\":\"ListItem\",\"position\":2,\"name\":\"Mise en place d&rsquo;un D.A.E.\"}]},{\"@type\":\"WebSite\",\"@id\":\"https:\/\/vasperviller.fr\/#website\",\"url\":\"https:\/\/vasperviller.fr\/\",\"name\":\"Vasperviller\",\"description\":\"Village 2.0\",\"potentialAction\":[{\"@type\":\"SearchAction\",\"target\":{\"@type\":\"EntryPoint\",\"urlTemplate\":\"https:\/\/vasperviller.fr\/?s={search_term_string}\"},\"query-input\":{\"@type\":\"PropertyValueSpecification\",\"valueRequired\":true,\"valueName\":\"search_term_string\"}}],\"inLanguage\":\"fr-FR\"},{\"@type\":\"Person\",\"@id\":\"https:\/\/vasperviller.fr\/#\/schema\/person\/5503f30033daceef4c3ca54535ddb1fe\",\"name\":\"Administrateur\",\"url\":\"https:\/\/vasperviller.fr\/index.php\/author\/mairie\/\"}]}<\/script>\n<!-- \/ Yoast SEO plugin. -->","yoast_head_json":{"title":"Mise en place d'un D.A.E. - Vasperviller","robots":{"index":"index","follow":"follow","max-snippet":"max-snippet:-1","max-image-preview":"max-image-preview:large","max-video-preview":"max-video-preview:-1"},"canonical":"https:\/\/vasperviller.fr\/index.php\/2020\/11\/06\/mise-en-place-dun-d-a-e\/","og_locale":"fr_FR","og_type":"article","og_title":"Mise en place d'un D.A.E. - Vasperviller","og_description":"La commune de Vasperviller vient de faire l\u2019acquisition d\u2019un D\u00e9fibrillateur Automatique Externe ou DAE. Celui-ci a \u00e9t\u00e9 install\u00e9 sous le pr\u00e9au de la Mairie, entre la porte des toilettes des femmes et celle des hommes. Un DAE est un appareil portatif, dont le r\u00f4le est d&rsquo;analyser l&rsquo;activit\u00e9 \u00e9lectrique du&nbsp;c\u0153ur&nbsp;d&rsquo;une personne en&nbsp;arr\u00eat cardiorespiratoire. La machine permet et propose de d\u00e9livrer un choc \u00e9lectrique d&rsquo;environ 400&nbsp;volts, afin d&rsquo;engendrer une&nbsp;d\u00e9fibrillation&nbsp;et un retour \u00e0 une activit\u00e9 \u00e9lectrique normale du c\u0153ur. La&nbsp;d\u00e9fibrillation&nbsp;pr\u00e9coce associ\u00e9e \u00e0 la&nbsp;r\u00e9animation...Lire la suite Lire la suite","og_url":"https:\/\/vasperviller.fr\/index.php\/2020\/11\/06\/mise-en-place-dun-d-a-e\/","og_site_name":"Vasperviller","article_published_time":"2020-11-06T16:57:02+00:00","article_modified_time":"2020-11-06T16:57:03+00:00","og_image":[{"url":"https:\/\/vasperviller.fr\/wp-content\/uploads\/2020\/11\/20200904_1154050-1-1024x576.jpg"}],"author":"Administrateur","twitter_card":"summary_large_image","twitter_misc":{"\u00c9crit par":"Administrateur","Dur\u00e9e de lecture estim\u00e9e":"1 minute"},"schema":{"@context":"https:\/\/schema.org","@graph":[{"@type":"WebPage","@id":"https:\/\/vasperviller.fr\/index.php\/2020\/11\/06\/mise-en-place-dun-d-a-e\/","url":"https:\/\/vasperviller.fr\/index.php\/2020\/11\/06\/mise-en-place-dun-d-a-e\/","name":"Mise en place d'un D.A.E. - Vasperviller","isPartOf":{"@id":"https:\/\/vasperviller.fr\/#website"},"primaryImageOfPage":{"@id":"https:\/\/vasperviller.fr\/index.php\/2020\/11\/06\/mise-en-place-dun-d-a-e\/#primaryimage"},"image":{"@id":"https:\/\/vasperviller.fr\/index.php\/2020\/11\/06\/mise-en-place-dun-d-a-e\/#primaryimage"},"thumbnailUrl":"https:\/\/vasperviller.fr\/wp-content\/uploads\/2020\/11\/20200904_1154050-1-1024x576.jpg","datePublished":"2020-11-06T16:57:02+00:00","dateModified":"2020-11-06T16:57:03+00:00","author":{"@id":"https:\/\/vasperviller.fr\/#\/schema\/person\/5503f30033daceef4c3ca54535ddb1fe"},"breadcrumb":{"@id":"https:\/\/vasperviller.fr\/index.php\/2020\/11\/06\/mise-en-place-dun-d-a-e\/#breadcrumb"},"inLanguage":"fr-FR","potentialAction":[{"@type":"ReadAction","target":["https:\/\/vasperviller.fr\/index.php\/2020\/11\/06\/mise-en-place-dun-d-a-e\/"]}]},{"@type":"ImageObject","inLanguage":"fr-FR","@id":"https:\/\/vasperviller.fr\/index.php\/2020\/11\/06\/mise-en-place-dun-d-a-e\/#primaryimage","url":"https:\/\/vasperviller.fr\/wp-content\/uploads\/2020\/11\/20200904_1154050-1-scaled.jpg","contentUrl":"https:\/\/vasperviller.fr\/wp-content\/uploads\/2020\/11\/20200904_1154050-1-scaled.jpg","width":2560,"height":1440},{"@type":"BreadcrumbList","@id":"https:\/\/vasperviller.fr\/index.php\/2020\/11\/06\/mise-en-place-dun-d-a-e\/#breadcrumb","itemListElement":[{"@type":"ListItem","position":1,"name":"Accueil","item":"https:\/\/vasperviller.fr\/"},{"@type":"ListItem","position":2,"name":"Mise en place d&rsquo;un D.A.E."}]},{"@type":"WebSite","@id":"https:\/\/vasperviller.fr\/#website","url":"https:\/\/vasperviller.fr\/","name":"Vasperviller","description":"Village 2.0","potentialAction":[{"@type":"SearchAction","target":{"@type":"EntryPoint","urlTemplate":"https:\/\/vasperviller.fr\/?s={search_term_string}"},"query-input":{"@type":"PropertyValueSpecification","valueRequired":true,"valueName":"search_term_string"}}],"inLanguage":"fr-FR"},{"@type":"Person","@id":"https:\/\/vasperviller.fr\/#\/schema\/person\/5503f30033daceef4c3ca54535ddb1fe","name":"Administrateur","url":"https:\/\/vasperviller.fr\/index.php\/author\/mairie\/"}]}},"_links":{"self":[{"href":"https:\/\/vasperviller.fr\/index.php\/wp-json\/wp\/v2\/posts\/535"}],"collection":[{"href":"https:\/\/vasperviller.fr\/index.php\/wp-json\/wp\/v2\/posts"}],"about":[{"href":"https:\/\/vasperviller.fr\/index.php\/wp-json\/wp\/v2\/types\/post"}],"author":[{"embeddable":true,"href":"https:\/\/vasperviller.fr\/index.php\/wp-json\/wp\/v2\/users\/2"}],"replies":[{"embeddable":true,"href":"https:\/\/vasperviller.fr\/index.php\/wp-json\/wp\/v2\/comments?post=535"}],"version-history":[{"count":1,"href":"https:\/\/vasperviller.fr\/index.php\/wp-json\/wp\/v2\/posts\/535\/revisions"}],"predecessor-version":[{"id":539,"href":"https:\/\/vasperviller.fr\/index.php\/wp-json\/wp\/v2\/posts\/535\/revisions\/539"}],"wp:attachment":[{"href":"https:\/\/vasperviller.fr\/index.php\/wp-json\/wp\/v2\/media?parent=535"}],"wp:term":[{"taxonomy":"category","embeddable":true,"href":"https:\/\/vasperviller.fr\/index.php\/wp-json\/wp\/v2\/categories?post=535"},{"taxonomy":"post_tag","embeddable":true,"href":"https:\/\/vasperviller.fr\/index.php\/wp-json\/wp\/v2\/tags?post=535"}],"curies":[{"name":"wp","href":"https:\/\/api.w.org\/{rel}","templated":true}]}}